{"id":6002,"date":"2020-03-08T11:47:32","date_gmt":"2020-03-08T10:47:32","guid":{"rendered":"https:\/\/www.marcoclini.it\/wp\/?p=6002"},"modified":"2020-03-08T12:01:29","modified_gmt":"2020-03-08T11:01:29","slug":"le-rigidissime-misure-del-governo-contro-il-coronavirus","status":"publish","type":"post","link":"https:\/\/www.marcoclini.it\/wp\/2020\/03\/08\/le-rigidissime-misure-del-governo-contro-il-coronavirus\/","title":{"rendered":"&#8220;Le rigidissime misure del Governo contro il Coronavirus&#8221;"},"content":{"rendered":"\n<p>Non posso non citare il Principe De Curtis che se fosse ancora vivo direbbe la sua mitica frase: \u201cMa mi faccia il piacere!\u201d. Infatti \u00e8 proprio cos\u00ec. Per redigere e firmare un Decreto di 13 pagine hanno impiegato troppo tempo e intanto gi\u00e0 giravano bozze e fughe di notizie inerenti il contenuto di questo decreto. Cos\u00ec la gente ha avuto tutto il tempo di organizzarsi e fuggire in fretta e furia prendendo d\u2019assalto le stazioni ferroviarie. Gi\u00e0 molte persone giravano irresponsabilmente fregandosene altamente di tutto e di tutti. Ora si sono proprio rotti gli argini e se gi\u00e0 precedentemente il Presidente del Consiglio sottovalutava il problema, sbagliando, ora invece siamo giunti al punto di non ritorno. Vorrei tanto sbagliarmi, ma purtroppo prevedo che il numero dei contagiati, e di chi sar\u00e0 ricoverato in rianimazione aumenter\u00e0 e purtroppo anche i deceduti. Le rianimazioni che sono gi\u00e0 in affanno, non riusciranno pi\u00f9 a gestire i casi, e ci\u00f2 che temevo da tempo accadr\u00e0. Si \u00e8 parlato di misure rigide, ma in Cina hanno blindato tutto e i controlli erano e sono tuttora rigidissimi. Qua tutto \u00e8 lasciato al caso. Ormai chi \u00e8 partito \u00e8 partito (molti non pagando nemmeno il biglietto) e questa irresponsabilit\u00e0, da parte delle persone (mentecatti), &nbsp;&nbsp;purtroppo tutti noi la pagheremo cara. Stamane la Regione Lombardia ha pubblicato una nuova immagine nella pagina facebook:<\/p>\n\n\n\n<figure class=\"wp-block-image size-large is-resized\"><img loading=\"lazy\" decoding=\"async\" src=\"https:\/\/www.marcoclini.it\/wp\/http:\/\/www.marcoclini.it\/wp\/wp-content\/uploads\/2020\/03\/87399182_3019882588031835_3479879642494533632_o.jpg\" alt=\"\" class=\"wp-image-6003\" width=\"484\" height=\"484\" srcset=\"https:\/\/www.marcoclini.it\/wp\/http:\/www.marcoclini.it\/wp\/wp-content\/uploads\/2020\/03\/87399182_3019882588031835_3479879642494533632_o.jpg 1080w, https:\/\/www.marcoclini.it\/wp\/http:\/www.marcoclini.it\/wp\/wp-content\/uploads\/2020\/03\/87399182_3019882588031835_3479879642494533632_o-300x300.jpg 300w, https:\/\/www.marcoclini.it\/wp\/http:\/www.marcoclini.it\/wp\/wp-content\/uploads\/2020\/03\/87399182_3019882588031835_3479879642494533632_o-150x150.jpg 150w, https:\/\/www.marcoclini.it\/wp\/http:\/www.marcoclini.it\/wp\/wp-content\/uploads\/2020\/03\/87399182_3019882588031835_3479879642494533632_o-100x100.jpg 100w\" sizes=\"auto, (max-width: 484px) 100vw, 484px\" \/><\/figure>\n\n\n\n<p>Gi\u00e0, peccato che nemmeno loro riescono a rifornirsi e a trovarle le mascherine e quindi di cosa stiamo parlando? Pura fantascienza. Certo rimane chi specula su Amazon, Ebay, vendendole a prezzi folli, ma sinceramente non ho nessuna voglia di fare lievitare il conto corrente di questi sciacalli. Il consiglio migliore per tutti \u00e9 \u201cstare a casa\u201d. Lo so \u00e8 un po\u2019 sacrificante, ma attualmente con il comportamento stupido ed irresponsabile di molte persone il Virus sta facendo davvero la Ola. Solo cos\u00ec si potr\u00e0 fermare, ma la gente continua a non capire. Vorrei tanto scrivere una valanga di insulti, alle alte sfere e ai cittadini irresponsabili, perch\u00e9 la rabbia \u00e8 tanta, ma credo che rimedierei solo qualche querela, e nient\u2019altro. Presto o tardi i risultati non tarderanno ad arrivare e non credo saranno notizie piacevoli. <\/p>\n","protected":false},"excerpt":{"rendered":"<p>Non posso non citare il Principe De Curtis che se fosse ancora vivo direbbe la sua mitica frase: \u201cMa mi faccia il piacere!\u201d. Infatti \u00e8 proprio cos\u00ec. Per redigere e firmare un Decreto di 13 pagine hanno impiegato troppo tempo e intanto gi\u00e0 giravano bozze e fughe di notizie inerenti il contenuto di questo decreto. &hellip; <\/p>\n<p class=\"link-more\"><a href=\"https:\/\/www.marcoclini.it\/wp\/2020\/03\/08\/le-rigidissime-misure-del-governo-contro-il-coronavirus\/\" class=\"more-link\">Leggi tutto<span class=\"screen-reader-text\"> &#8220;&#8220;Le rigidissime misure del Governo contro il Coronavirus&#8221;&#8221;<\/span><\/a><\/p>\n","protected":false},"author":1,"featured_media":0,"comment_status":"open","ping_status":"open","sticky":false,"template":"","format":"standard","meta":{"footnotes":""},"categories":[1],"tags":[440,24,746,745,441,443,444,442,445],"class_list":["post-6002","post","type-post","status-publish","format-standard","hentry","category-varie-ed-eventuali","tag-coronavirus","tag-governo","tag-marco-antonino-clini","tag-marco-clini-attore-doppiatore-speaker-socio-adap-voice-artist","tag-marcoclini","tag-ministrosperanza","tag-presidenteconte","tag-presidentedelconsiglio","tag-regionelombardia"],"_links":{"self":[{"href":"https:\/\/www.marcoclini.it\/wp\/wp-json\/wp\/v2\/posts\/6002","targetHints":{"allow":["GET"]}}],"collection":[{"href":"https:\/\/www.marcoclini.it\/wp\/wp-json\/wp\/v2\/posts"}],"about":[{"href":"https:\/\/www.marcoclini.it\/wp\/wp-json\/wp\/v2\/types\/post"}],"author":[{"embeddable":true,"href":"https:\/\/www.marcoclini.it\/wp\/wp-json\/wp\/v2\/users\/1"}],"replies":[{"embeddable":true,"href":"https:\/\/www.marcoclini.it\/wp\/wp-json\/wp\/v2\/comments?post=6002"}],"version-history":[{"count":0,"href":"https:\/\/www.marcoclini.it\/wp\/wp-json\/wp\/v2\/posts\/6002\/revisions"}],"wp:attachment":[{"href":"https:\/\/www.marcoclini.it\/wp\/wp-json\/wp\/v2\/media?parent=6002"}],"wp:term":[{"taxonomy":"category","embeddable":true,"href":"https:\/\/www.marcoclini.it\/wp\/wp-json\/wp\/v2\/categories?post=6002"},{"taxonomy":"post_tag","embeddable":true,"href":"https:\/\/www.marcoclini.it\/wp\/wp-json\/wp\/v2\/tags?post=6002"}],"curies":[{"name":"wp","href":"https:\/\/api.w.org\/{rel}","templated":true}]}}