{"id":7607,"date":"2023-05-15T04:15:16","date_gmt":"2023-05-15T02:15:16","guid":{"rendered":"https:\/\/www.marcoclini.it\/wp\/?p=7607"},"modified":"2023-05-11T14:46:06","modified_gmt":"2023-05-11T12:46:06","slug":"caro-papa-sono-gia-passati-11-anni-in-memoria-di-mario-clini-29-04-1931-15-05-2012","status":"publish","type":"post","link":"https:\/\/www.marcoclini.it\/wp\/2023\/05\/15\/caro-papa-sono-gia-passati-11-anni-in-memoria-di-mario-clini-29-04-1931-15-05-2012\/","title":{"rendered":"Caro Pap\u00e0, sono gi\u00e0 passati 11 anni &#8211; In memoria di Mario Clini 29\/04\/1931 &#8211; 15\/05\/2012"},"content":{"rendered":"<p><img loading=\"lazy\" decoding=\"async\" class=\"alignnone wp-image-7608\" src=\"https:\/\/www.marcoclini.it\/wp\/http:\/\/www.marcoclini.it\/wp\/wp-content\/uploads\/2023\/05\/Ritratto-papa-201x300.png\" alt=\"\" width=\"345\" height=\"515\" srcset=\"https:\/\/www.marcoclini.it\/wp\/http:\/www.marcoclini.it\/wp\/wp-content\/uploads\/2023\/05\/Ritratto-papa-201x300.png 201w, https:\/\/www.marcoclini.it\/wp\/http:\/www.marcoclini.it\/wp\/wp-content\/uploads\/2023\/05\/Ritratto-papa-735x1100.png 735w, https:\/\/www.marcoclini.it\/wp\/http:\/www.marcoclini.it\/wp\/wp-content\/uploads\/2023\/05\/Ritratto-papa-1027x1536.png 1027w, https:\/\/www.marcoclini.it\/wp\/http:\/www.marcoclini.it\/wp\/wp-content\/uploads\/2023\/05\/Ritratto-papa-1369x2048.png 1369w\" sizes=\"auto, (max-width: 345px) 100vw, 345px\" \/><\/p>\n<p style=\"text-align: justify;\"><span style=\"font-family: 'book antiqua', palatino, serif; font-size: 14pt;\">Caro pap\u00e0,<\/span><\/p>\n<p style=\"text-align: justify;\"><span style=\"font-family: 'book antiqua', palatino, serif; font-size: 14pt;\">ancora una volta ho aperto il cassetto dei ricordi. Che bella foto! L\u2019ho trovata e l\u2019ho restaurata un po\u2019. Purtroppo si sa, le stampe si deteriorano. Oggi, sono passati gi\u00e0 undici anni, da quando in un attimo sei volato in cielo. Ormai so con certezza, che hai combattuto per invertire con tutte le tue forze, la rotta che ti stava portando alla distruzione e al prosciugamento delle tue finanze da parte delle sanguisughe ben note a te ed alla mamma. Questa battaglia, purtroppo l\u2019hai persa e non riuscire a convincere la mamma che era giunto il momento di dire \u201cbasta!\u201d ti ha distrutto psicologicamente e purtroppo fisicamente. Avevi, ragione. In seguito, anche lei ha pagato un prezzo altissimo per non averti ascoltato quando invece avrebbe dovuto farlo. Anche lei, non ha finito i suoi giorni sulla terra serenamente. Mi ha dato gioia, scoprire e sapere che le poche persone con le quali ti eri confidato, mi hanno riferito che non ha mai nominato me, ma altri. Ora, piano piano, tutti i sacrifici che avete fatto tu e mamma, purtroppo sono stati vani perch\u00e9 svaniranno nel nulla. Tra un po\u2019 non rester\u00e0 niente, e ci\u00f2 che desideravate per me non accadr\u00e0 purtroppo mai. Tutto, finito, smantellato. Non sono momenti facili, ma avere la coscienza pulita, mi rasserena e mi rende ancora pi\u00f9 forte. La tempesta, perdura, ed io con tutte le mie forze, non moller\u00f2 mai e non mi far\u00f2 mai sopraffare dalle onde, anche se purtroppo \u00e8 noto che gli stronzi galleggiano. Piano piano, giustizia sar\u00e0 fatta ed anche loro andranno a fondo, te lo prometto. Salutami la mamma e tutte le persone che mi hanno voluto bene ed ora sono l\u00ec con te.<\/span><\/p>\n<p style=\"text-align: justify;\"><span style=\"font-family: 'book antiqua', palatino, serif; font-size: 14pt;\">Ciao pap\u00e0\u2026<\/span><\/p>\n<p style=\"text-align: justify;\"><span style=\"font-size: 14pt;\"><strong><span style=\"font-family: 'book antiqua', palatino, serif;\">Tuo\u00a0Figlio\u00a0Marco<\/span><\/strong><\/span><\/p>\n","protected":false},"excerpt":{"rendered":"<p>Caro pap\u00e0, ancora una volta ho aperto il cassetto dei ricordi. Che bella foto! L\u2019ho trovata e l\u2019ho restaurata un po\u2019. Purtroppo si sa, le stampe si deteriorano. Oggi, sono passati gi\u00e0 undici anni, da quando in un attimo sei volato in cielo. Ormai so con certezza, che hai combattuto per invertire con tutte le &hellip; <\/p>\n<p class=\"link-more\"><a href=\"https:\/\/www.marcoclini.it\/wp\/2023\/05\/15\/caro-papa-sono-gia-passati-11-anni-in-memoria-di-mario-clini-29-04-1931-15-05-2012\/\" class=\"more-link\">Leggi tutto<span class=\"screen-reader-text\"> &#8220;Caro Pap\u00e0, sono gi\u00e0 passati 11 anni &#8211; In memoria di Mario Clini 29\/04\/1931 &#8211; 15\/05\/2012&#8221;<\/span><\/a><\/p>\n","protected":false},"author":1,"featured_media":0,"comment_status":"open","ping_status":"open","sticky":false,"template":"","format":"standard","meta":{"footnotes":""},"categories":[1],"tags":[611,705,614,610,425,704,706,525,533,687,703,746,745,441,612,456,568,179,613,685,5,521],"class_list":["post-7607","post","type-post","status-publish","format-standard","hentry","category-varie-ed-eventuali","tag-15-05-2012","tag-15maggio2012","tag-29-04-1931","tag-anni","tag-anniversario","tag-anniversarioscomparsamarioclini","tag-caro","tag-clini","tag-eventuali","tag-gia","tag-inmemoriadimarioclini","tag-marco-antonino-clini","tag-marco-clini-attore-doppiatore-speaker-socio-adap-voice-artist","tag-marcoclini","tag-mario","tag-marioclini","tag-memoria","tag-papa","tag-passati","tag-sono","tag-tornare-all-lira","tag-varie"],"_links":{"self":[{"href":"https:\/\/www.marcoclini.it\/wp\/wp-json\/wp\/v2\/posts\/7607","targetHints":{"allow":["GET"]}}],"collection":[{"href":"https:\/\/www.marcoclini.it\/wp\/wp-json\/wp\/v2\/posts"}],"about":[{"href":"https:\/\/www.marcoclini.it\/wp\/wp-json\/wp\/v2\/types\/post"}],"author":[{"embeddable":true,"href":"https:\/\/www.marcoclini.it\/wp\/wp-json\/wp\/v2\/users\/1"}],"replies":[{"embeddable":true,"href":"https:\/\/www.marcoclini.it\/wp\/wp-json\/wp\/v2\/comments?post=7607"}],"version-history":[{"count":0,"href":"https:\/\/www.marcoclini.it\/wp\/wp-json\/wp\/v2\/posts\/7607\/revisions"}],"wp:attachment":[{"href":"https:\/\/www.marcoclini.it\/wp\/wp-json\/wp\/v2\/media?parent=7607"}],"wp:term":[{"taxonomy":"category","embeddable":true,"href":"https:\/\/www.marcoclini.it\/wp\/wp-json\/wp\/v2\/categories?post=7607"},{"taxonomy":"post_tag","embeddable":true,"href":"https:\/\/www.marcoclini.it\/wp\/wp-json\/wp\/v2\/tags?post=7607"}],"curies":[{"name":"wp","href":"https:\/\/api.w.org\/{rel}","templated":true}]}}